{"id":309,"date":"2026-03-14T22:25:29","date_gmt":"2026-03-15T01:25:29","guid":{"rendered":"https:\/\/barraelima.adv.br\/?p=309"},"modified":"2026-03-15T22:53:55","modified_gmt":"2026-03-16T01:53:55","slug":"dra-rafaela-demetrio-lambert-soler","status":"publish","type":"post","link":"https:\/\/barraelima.adv.br\/?p=309","title":{"rendered":"Dra. Rafaela Demetrio Lambert Soler"},"content":{"rendered":"\n<p>OAB\/SP n\u00ba 509.757<br>Telefone: 15 99607-7802<br>Email: rafael@barraelima.adv.br<\/p>\n\n\n\n<p>Advogada formada pela Faculdade de Ci\u00eancias Sociais e Agr\u00e1rias de Itapeva \u2013 FAIT, com especializa\u00e7\u00e3o em <strong>Direito Previdenci\u00e1rio<\/strong>.<\/p>\n\n\n\n<p>Atua com dedica\u00e7\u00e3o na orienta\u00e7\u00e3o e defesa dos direitos dos segurados junto ao Instituto Nacional do Seguro Social (INSS), desenvolvendo trabalhos voltados \u00e0 concess\u00e3o e revis\u00e3o de benef\u00edcios previdenci\u00e1rios, planejamento previdenci\u00e1rio e atua\u00e7\u00e3o em demandas administrativas e judiciais na \u00e1rea.<\/p>\n\n\n\n<p>Al\u00e9m da atua\u00e7\u00e3o previdenci\u00e1ria, tamb\u00e9m trabalha em <strong>outras \u00e1reas do Direito<\/strong>, prestando suporte jur\u00eddico em demandas c\u00edveis e consultivas, sempre com foco na an\u00e1lise t\u00e9cnica, no atendimento humanizado e na busca por solu\u00e7\u00f5es seguras e eficientes para os clientes.<\/p>\n\n\n\n<p>No escrit\u00f3rio <strong>Barra &amp; Lima Advogados<\/strong>, desde 2021 integra a equipe jur\u00eddica contribuindo de forma estrat\u00e9gica para a condu\u00e7\u00e3o de processos e orienta\u00e7\u00f5es jur\u00eddicas, pautada pelo comprometimento, \u00e9tica profissional e constante atualiza\u00e7\u00e3o.<\/p>\n","protected":false},"excerpt":{"rendered":"<p>OAB\/SP n\u00ba 509.757Telefone: 15 99607-7802Email: rafael@barraelima.adv.br Advogada formada pela Faculdade de Ci\u00eancias Sociais e Agr\u00e1rias de Itapeva \u2013 FAIT, com especializa\u00e7\u00e3o em Direito Previdenci\u00e1rio. Atua com dedica\u00e7\u00e3o na orienta\u00e7\u00e3o e defesa dos direitos dos segurados junto ao Instituto Nacional do Seguro Social (INSS), desenvolvendo trabalhos voltados \u00e0 concess\u00e3o e revis\u00e3o de benef\u00edcios previdenci\u00e1rios, planejamento previdenci\u00e1rio e atua\u00e7\u00e3o em demandas administrativas [&hellip;]<\/p>\n","protected":false},"author":2,"featured_media":307,"comment_status":"closed","ping_status":"closed","sticky":false,"template":"","format":"standard","meta":{"footnotes":""},"categories":[32],"tags":[43,41,39,37,40,33,46],"class_list":["post-309","post","type-post","status-publish","format-standard","has-post-thumbnail","hentry","category-equipe","tag-adrianopolis","tag-advogada","tag-iporanga","tag-itapeva","tag-itapirapua-paulista","tag-ribeira","tag-ribeirao-branco"],"_links":{"self":[{"href":"https:\/\/barraelima.adv.br\/index.php?rest_route=\/wp\/v2\/posts\/309","targetHints":{"allow":["GET"]}}],"collection":[{"href":"https:\/\/barraelima.adv.br\/index.php?rest_route=\/wp\/v2\/posts"}],"about":[{"href":"https:\/\/barraelima.adv.br\/index.php?rest_route=\/wp\/v2\/types\/post"}],"author":[{"embeddable":true,"href":"https:\/\/barraelima.adv.br\/index.php?rest_route=\/wp\/v2\/users\/2"}],"replies":[{"embeddable":true,"href":"https:\/\/barraelima.adv.br\/index.php?rest_route=%2Fwp%2Fv2%2Fcomments&post=309"}],"version-history":[{"count":2,"href":"https:\/\/barraelima.adv.br\/index.php?rest_route=\/wp\/v2\/posts\/309\/revisions"}],"predecessor-version":[{"id":311,"href":"https:\/\/barraelima.adv.br\/index.php?rest_route=\/wp\/v2\/posts\/309\/revisions\/311"}],"wp:featuredmedia":[{"embeddable":true,"href":"https:\/\/barraelima.adv.br\/index.php?rest_route=\/wp\/v2\/media\/307"}],"wp:attachment":[{"href":"https:\/\/barraelima.adv.br\/index.php?rest_route=%2Fwp%2Fv2%2Fmedia&parent=309"}],"wp:term":[{"taxonomy":"category","embeddable":true,"href":"https:\/\/barraelima.adv.br\/index.php?rest_route=%2Fwp%2Fv2%2Fcategories&post=309"},{"taxonomy":"post_tag","embeddable":true,"href":"https:\/\/barraelima.adv.br\/index.php?rest_route=%2Fwp%2Fv2%2Ftags&post=309"}],"curies":[{"name":"wp","href":"https:\/\/api.w.org\/{rel}","templated":true}]}}