{"id":284,"date":"2026-03-15T19:02:40","date_gmt":"2026-03-15T22:02:40","guid":{"rendered":"https:\/\/barraelima.adv.br\/?p=284"},"modified":"2026-03-15T22:27:00","modified_gmt":"2026-03-16T01:27:00","slug":"dr-rubens-barra-rodrigues-de-lima","status":"publish","type":"post","link":"https:\/\/barraelima.adv.br\/?p=284","title":{"rendered":"Dr. Rubens Barra Rodrigues de Lima"},"content":{"rendered":"\n<p>Advogado com s\u00f3lida trajet\u00f3ria profissional e ampla experi\u00eancia na advocacia contenciosa e consultiva. Natural de Barra do Chap\u00e9u\/SP, graduou-se em Direito pelas Faculdades Integradas de Itapetininga \u2013 Funda\u00e7\u00e3o Karnig Bazarian (FKB), no ano de 1983, tendo se especializado em Direitos Reais.<\/p>\n\n\n\n<p>Ao longo de sua carreira, atuou junto ao Sindicato dos Trabalhadores Rurais de Apia\u00ed, desenvolvendo relevante atua\u00e7\u00e3o nas \u00e1reas do Direito Trabalhista, Previdenci\u00e1rio e em demandas relacionadas ao Direito Possess\u00f3rio, sempre com foco na defesa dos direitos de trabalhadores e produtores rurais.<\/p>\n\n\n\n<p>No escrit\u00f3rio <strong>Barra &amp; Lima Advogados<\/strong>, exerce papel de coordena\u00e7\u00e3o das atividades jur\u00eddicas nas \u00e1reas contenciosas Trabalhista, C\u00edvel, de Fam\u00edlia, Criminal e Possess\u00f3ria, conduzindo estrat\u00e9gias jur\u00eddicas com olhar t\u00e9cnico, experi\u00eancia pr\u00e1tica e atendimento pr\u00f3ximo ao cliente.<\/p>\n\n\n\n<p>Na \u00e1rea de <strong>Direito de Fam\u00edlia e Sucess\u00f5es<\/strong>, atua na media\u00e7\u00e3o de conflitos, planejamento sucess\u00f3rio e acompanhamento de a\u00e7\u00f5es judiciais relacionadas a div\u00f3rcios, pens\u00f5es, guarda e partilhas. J\u00e1 no campo do <strong>Direito Possess\u00f3rio<\/strong>, possui forte atua\u00e7\u00e3o em a\u00e7\u00f5es de usucapi\u00e3o, reintegra\u00e7\u00e3o de posse e demais demandas envolvendo propriedade e posse de bens im\u00f3veis.<\/p>\n\n\n\n<p>Sua atua\u00e7\u00e3o \u00e9 marcada pela busca de solu\u00e7\u00f5es jur\u00eddicas eficientes, pela escuta atenta \u00e0s necessidades dos clientes e pelo compromisso com resultados seguros e respons\u00e1veis.<\/p>\n\n\n\n<p>E-mail<strong>:<\/strong> <a>rubens@barraelima.adv.br<\/a><\/p>\n","protected":false},"excerpt":{"rendered":"<p>Advogado com s\u00f3lida trajet\u00f3ria profissional e ampla experi\u00eancia na advocacia contenciosa e consultiva. Natural de Barra do Chap\u00e9u\/SP, graduou-se em Direito pelas Faculdades Integradas de Itapetininga \u2013 Funda\u00e7\u00e3o Karnig Bazarian (FKB), no ano de 1983, tendo se especializado em Direitos Reais. Ao longo de sua carreira, atuou junto ao Sindicato dos Trabalhadores Rurais de Apia\u00ed, desenvolvendo relevante atua\u00e7\u00e3o nas \u00e1reas [&hellip;]<\/p>\n","protected":false},"author":2,"featured_media":306,"comment_status":"closed","ping_status":"closed","sticky":false,"template":"","format":"standard","meta":{"footnotes":""},"categories":[32],"tags":[38,36,35,17,39,34,37,40,33],"class_list":["post-284","post","type-post","status-publish","format-standard","has-post-thumbnail","hentry","category-equipe","tag-advogado","tag-apiai","tag-barra-do-chapeu","tag-direito","tag-iporanga","tag-itaoca","tag-itapeva","tag-itapirapua-paulista","tag-ribeira"],"_links":{"self":[{"href":"https:\/\/barraelima.adv.br\/index.php?rest_route=\/wp\/v2\/posts\/284","targetHints":{"allow":["GET"]}}],"collection":[{"href":"https:\/\/barraelima.adv.br\/index.php?rest_route=\/wp\/v2\/posts"}],"about":[{"href":"https:\/\/barraelima.adv.br\/index.php?rest_route=\/wp\/v2\/types\/post"}],"author":[{"embeddable":true,"href":"https:\/\/barraelima.adv.br\/index.php?rest_route=\/wp\/v2\/users\/2"}],"replies":[{"embeddable":true,"href":"https:\/\/barraelima.adv.br\/index.php?rest_route=%2Fwp%2Fv2%2Fcomments&post=284"}],"version-history":[{"count":2,"href":"https:\/\/barraelima.adv.br\/index.php?rest_route=\/wp\/v2\/posts\/284\/revisions"}],"predecessor-version":[{"id":292,"href":"https:\/\/barraelima.adv.br\/index.php?rest_route=\/wp\/v2\/posts\/284\/revisions\/292"}],"wp:featuredmedia":[{"embeddable":true,"href":"https:\/\/barraelima.adv.br\/index.php?rest_route=\/wp\/v2\/media\/306"}],"wp:attachment":[{"href":"https:\/\/barraelima.adv.br\/index.php?rest_route=%2Fwp%2Fv2%2Fmedia&parent=284"}],"wp:term":[{"taxonomy":"category","embeddable":true,"href":"https:\/\/barraelima.adv.br\/index.php?rest_route=%2Fwp%2Fv2%2Fcategories&post=284"},{"taxonomy":"post_tag","embeddable":true,"href":"https:\/\/barraelima.adv.br\/index.php?rest_route=%2Fwp%2Fv2%2Ftags&post=284"}],"curies":[{"name":"wp","href":"https:\/\/api.w.org\/{rel}","templated":true}]}}