{"id":171,"date":"2026-03-13T03:04:15","date_gmt":"2026-03-13T06:04:15","guid":{"rendered":"https:\/\/barraelima.adv.br\/?p=171"},"modified":"2026-03-13T03:05:29","modified_gmt":"2026-03-13T06:05:29","slug":"quem-tem-direito-a-aposentadoria-e-beneficios-do-inss","status":"publish","type":"post","link":"https:\/\/barraelima.adv.br\/?p=171","title":{"rendered":"Quem tem direito \u00e0 aposentadoria e benef\u00edcios?"},"content":{"rendered":"\n<p>O Direito Previdenci\u00e1rio \u00e9 a \u00e1rea respons\u00e1vel por garantir a prote\u00e7\u00e3o social dos trabalhadores por meio de benef\u00edcios concedidos pelo INSS. Entre os principais est\u00e3o a aposentadoria por idade, aposentadoria por tempo de contribui\u00e7\u00e3o, aux\u00edlio-doen\u00e7a, aposentadoria por invalidez e pens\u00e3o por morte.<\/p>\n\n\n\n<p>Muitas pessoas acreditam que o benef\u00edcio ser\u00e1 concedido automaticamente quando atingirem determinada idade ou tempo de trabalho. No entanto, a legisla\u00e7\u00e3o previdenci\u00e1ria possui regras espec\u00edficas e mudan\u00e7as frequentes, o que pode gerar indeferimentos ou concess\u00f5es com valores inferiores ao que o segurado realmente tem direito.<\/p>\n\n\n\n<p>Al\u00e9m disso, erros no cadastro, falta de comprova\u00e7\u00e3o de v\u00ednculos ou contribui\u00e7\u00f5es em atraso s\u00e3o situa\u00e7\u00f5es comuns que podem prejudicar o trabalhador no momento de solicitar o benef\u00edcio.<\/p>\n\n\n\n<p>Por isso, contar com orienta\u00e7\u00e3o jur\u00eddica especializada pode ajudar a analisar o hist\u00f3rico contributivo, organizar a documenta\u00e7\u00e3o necess\u00e1ria e buscar a melhor estrat\u00e9gia para garantir a concess\u00e3o correta do benef\u00edcio previdenci\u00e1rio.<\/p>\n","protected":false},"excerpt":{"rendered":"<p>O Direito Previdenci\u00e1rio \u00e9 a \u00e1rea respons\u00e1vel por garantir a prote\u00e7\u00e3o social dos trabalhadores por meio de benef\u00edcios concedidos pelo INSS. Entre os principais est\u00e3o a aposentadoria por idade, aposentadoria por tempo de contribui\u00e7\u00e3o, aux\u00edlio-doen\u00e7a, aposentadoria por invalidez e pens\u00e3o por morte.<\/p>\n","protected":false},"author":2,"featured_media":172,"comment_status":"closed","ping_status":"closed","sticky":false,"template":"","format":"standard","meta":{"footnotes":""},"categories":[25],"tags":[27,29,26],"class_list":["post-171","post","type-post","status-publish","format-standard","has-post-thumbnail","hentry","category-previdenciario","tag-aposentadoria","tag-inss","tag-previdenciario"],"_links":{"self":[{"href":"https:\/\/barraelima.adv.br\/index.php?rest_route=\/wp\/v2\/posts\/171","targetHints":{"allow":["GET"]}}],"collection":[{"href":"https:\/\/barraelima.adv.br\/index.php?rest_route=\/wp\/v2\/posts"}],"about":[{"href":"https:\/\/barraelima.adv.br\/index.php?rest_route=\/wp\/v2\/types\/post"}],"author":[{"embeddable":true,"href":"https:\/\/barraelima.adv.br\/index.php?rest_route=\/wp\/v2\/users\/2"}],"replies":[{"embeddable":true,"href":"https:\/\/barraelima.adv.br\/index.php?rest_route=%2Fwp%2Fv2%2Fcomments&post=171"}],"version-history":[{"count":2,"href":"https:\/\/barraelima.adv.br\/index.php?rest_route=\/wp\/v2\/posts\/171\/revisions"}],"predecessor-version":[{"id":174,"href":"https:\/\/barraelima.adv.br\/index.php?rest_route=\/wp\/v2\/posts\/171\/revisions\/174"}],"wp:featuredmedia":[{"embeddable":true,"href":"https:\/\/barraelima.adv.br\/index.php?rest_route=\/wp\/v2\/media\/172"}],"wp:attachment":[{"href":"https:\/\/barraelima.adv.br\/index.php?rest_route=%2Fwp%2Fv2%2Fmedia&parent=171"}],"wp:term":[{"taxonomy":"category","embeddable":true,"href":"https:\/\/barraelima.adv.br\/index.php?rest_route=%2Fwp%2Fv2%2Fcategories&post=171"},{"taxonomy":"post_tag","embeddable":true,"href":"https:\/\/barraelima.adv.br\/index.php?rest_route=%2Fwp%2Fv2%2Ftags&post=171"}],"curies":[{"name":"wp","href":"https:\/\/api.w.org\/{rel}","templated":true}]}}